[{"@context":"https:\/\/schema.org\/","@type":"Article","@id":"https:\/\/www.kaveko.cz\/pohodli-na-voziku\/#Article","mainEntityOfPage":"https:\/\/www.kaveko.cz\/pohodli-na-voziku\/","headline":"Pohodl\u00ed na voz\u00edku","name":"Pohodl\u00ed na voz\u00edku","description":"Mysl\u00edte si, \u017ee kdy\u017e lid\u00e9 sed\u00ed a jezd\u00ed na invalidn\u00edm voz\u00edku, \u017ee jasn\u011b c\u00edt\u00ed skv\u011ble, ale \u017ee u\u017e nepot\u0159ebuj\u00ed \u017e\u00e1dn\u00e9 dal\u0161\u00ed pohodl\u00ed? Pokud si d\u00e1me&#8230;","datePublished":"2023-12-18","dateModified":"2024-01-18","author":{"@type":"Person","@id":"https:\/\/www.kaveko.cz\/author\/#Person","name":"","url":"https:\/\/www.kaveko.cz\/author\/","identifier":1,"image":{"@type":"ImageObject","@id":"https:\/\/secure.gravatar.com\/avatar\/4ae18345300f35922a2a7b2caa17564b68acab8514eff939a8a019efde378c24?s=96&d=mm&r=g","url":"https:\/\/secure.gravatar.com\/avatar\/4ae18345300f35922a2a7b2caa17564b68acab8514eff939a8a019efde378c24?s=96&d=mm&r=g","height":96,"width":96}},"publisher":{"@type":"Organization","name":"kaveko.cz","logo":{"@type":"ImageObject","@id":"\/logo.png","url":"\/logo.png","width":600,"height":60}},"image":{"@type":"ImageObject","@id":"https:\/\/www.kaveko.cz\/wp-content\/uploads\/wheelchair-6296811_1280_2.jpg","url":"https:\/\/www.kaveko.cz\/wp-content\/uploads\/wheelchair-6296811_1280_2.jpg","height":0,"width":0},"url":"https:\/\/www.kaveko.cz\/pohodli-na-voziku\/","about":["Zbo\u017e\u00ed"],"wordCount":411,"articleBody":"   Mysl\u00edte si, \u017ee kdy\u017e lid\u00e9 sed\u00ed a jezd\u00ed na invalidn\u00edm voz\u00edku, \u017ee jasn\u011b c\u00edt\u00ed skv\u011ble, ale \u017ee u\u017e nepot\u0159ebuj\u00ed \u017e\u00e1dn\u00e9 dal\u0161\u00ed pohodl\u00ed? Pokud si d\u00e1me mysl\u00edte, tak jste samoz\u0159ejm\u011b na omylu. J\u00e1 zn\u00e1m dva lidi, kte\u0159\u00ed tak\u00e9 maj\u00ed invalidn\u00ed voz\u00edk a mus\u00ed na n\u011bm b\u00fdt u\u017e do konce \u017eivota. M\u011bli n\u011bjak\u00fd \u00faraz, a tak bohu\u017eel u\u017e nemohou norm\u00e1ln\u011b chodit nemohou norm\u00e1ln\u011b fungovat, a tak mus\u00ed b\u00fdt p\u0159ipout\u00e1ni na invalidn\u00ed voz\u00edk. Ale oba dva lidi, kte\u0159\u00ed sed\u00ed pr\u00e1v\u011b na invalidn\u00edm voz\u00edku, tak mi oba dva \u0159ekli, \u017ee pr\u00fd nemaj\u00ed \u00fapln\u011b pohodln\u00e9 invalidn\u00ed voz\u00edky, \u017ee pr\u00fd tak\u00e9 cht\u011bj\u00ed n\u011bjak\u00e9 kvalitn\u00ed podsed\u00e1ky do invalidn\u00edho voz\u00edku, abych se p\u0159iznala, tak j\u00e1 s t\u00edmhle nem\u00e1m v\u016fbec \u017e\u00e1dn\u00fd probl\u00e9m. Proto\u017ee osm let jsem pracovala v senior centru a tam tak\u00e9 klienti si st\u011b\u017eovali, \u017ee n\u011bkter\u00e9 invalidn\u00ed voz\u00edky jsou opravdu hodn\u011b nepohodln\u00e9. A v\u0161ichni v\u00edme, \u017ee kdy\u017e je n\u011bco nepohodln\u00e9ho, kdy\u017e se seti opravdu nepohodln\u011b, tak to potom na komfortu \u010dlov\u011bka v\u016fbec nep\u0159id\u00e1. A pokud \u010dlov\u011bk se nec\u00edt\u00ed v\u016fbec komfortn\u011b, tak to potom tak\u00e9 dopad\u00e1 tak, \u017ee m\u016f\u017ee b\u00fdt nevrl\u00fd a tak\u00e9 vztekl\u00fd a potom nakonec tak\u00e9 zl\u00fd. Proto si mysl\u00edm, \u017ee by lid\u00e9 hlavn\u011b m\u011bli b\u00fdt v takov\u00e9 kondici a v takov\u00e9m rozpolo\u017een\u00ed, aby se c\u00edtili opravdu skv\u011ble a aby jim v\u0161echno vyhovovalo. Na internetu se\u017eenete opravdu kvalitn\u00ed podsed\u00e1ky do invalidn\u00edho voz\u00edku. Mysl\u00edm si, \u017ee si ur\u010dit\u011b vyberete t\u0159eba ne jeden, ale i v\u00edce podsed\u00e1k\u016f do invalidn\u00edho voz\u00edku. Podsed\u00e1ky do invalidn\u00edho voz\u00edku nejsou v\u016fbec drah\u00e9, sta\u010d\u00ed se pod\u00edvat na r\u016fzn\u00e9 webov\u00e9 str\u00e1nky a t\u0159eba tak\u00e9 porovnat ceny. Pokud t\u0159eba budete sed\u011bt na invalidn\u00edm voz\u00edku bez podsed\u00e1k\u016f do invalidn\u00edho voz\u00edku, tak potom tak\u00e9 m\u016f\u017eete m\u00edt velice bolestiv\u00e9 otlaky. Otlaky opravdu hodn\u011b bol\u00ed. J\u00e1 jsem tak\u00e9 jezdila na kole, bylo to nov\u00e9 kolo a sed\u00e1tko m\u011b tak tla\u010dilo, \u017ee jsem asi za hodinu m\u011bla takov\u00e9 otla\u010deniny na h\u00fd\u017ed\u00edch, \u017ee se to nedalo vydr\u017eet a hojilo se to asi t\u0159i nebo v\u00edce dn\u00ed.                                                                                                                                                                                                                                                                                                                                                                                                   "},{"@context":"https:\/\/schema.org\/","@type":"BreadcrumbList","itemListElement":[{"@type":"ListItem","position":1,"name":"Pohodl\u00ed na voz\u00edku","item":"https:\/\/www.kaveko.cz\/pohodli-na-voziku\/#breadcrumbitem"}]}]