[{"@context":"https:\/\/schema.org\/","@type":"Article","@id":"https:\/\/www.kaveko.cz\/uklid-panelovych-domu\/#Article","mainEntityOfPage":"https:\/\/www.kaveko.cz\/uklid-panelovych-domu\/","headline":"\u00daklid panelov\u00fdch dom\u016f.","name":"\u00daklid panelov\u00fdch dom\u016f.","description":"Jestli jste nikdy ne\u017eili v panelov\u00e9m dom\u011b, tak jste to nikdy nemohli za\u017e\u00edt. V\u011b\u010dn\u00e9 boje s \u00faklidem. A\u010dkoliv m\u00e1te na ka\u017ed\u00fd t\u00fdden jednu rodinu, kter\u00e1&#8230;","datePublished":"2023-08-21","dateModified":"2023-09-21","author":{"@type":"Person","@id":"https:\/\/www.kaveko.cz\/author\/#Person","name":"","url":"https:\/\/www.kaveko.cz\/author\/","identifier":1,"image":{"@type":"ImageObject","@id":"https:\/\/secure.gravatar.com\/avatar\/4ae18345300f35922a2a7b2caa17564b68acab8514eff939a8a019efde378c24?s=96&d=mm&r=g","url":"https:\/\/secure.gravatar.com\/avatar\/4ae18345300f35922a2a7b2caa17564b68acab8514eff939a8a019efde378c24?s=96&d=mm&r=g","height":96,"width":96}},"publisher":{"@type":"Organization","name":"kaveko.cz","logo":{"@type":"ImageObject","@id":"\/logo.png","url":"\/logo.png","width":600,"height":60}},"image":{"@type":"ImageObject","@id":"https:\/\/www.kaveko.cz\/wp-content\/uploads\/prefabricated-house-930190_1280_5.jpg","url":"https:\/\/www.kaveko.cz\/wp-content\/uploads\/prefabricated-house-930190_1280_5.jpg","height":0,"width":0},"url":"https:\/\/www.kaveko.cz\/uklid-panelovych-domu\/","about":["Spole\u010dnosti"],"wordCount":406,"articleBody":"   Jestli jste nikdy ne\u017eili v panelov\u00e9m dom\u011b, tak jste to nikdy nemohli za\u017e\u00edt. V\u011b\u010dn\u00e9 boje s \u00faklidem. A\u010dkoliv m\u00e1te na ka\u017ed\u00fd t\u00fdden jednu rodinu, kter\u00e1 by se m\u011bla postarat o \u00faklid spole\u010dn\u00fdch m\u00edstnost\u00ed, kter\u00e9 sd\u00edl\u00edte s ostatn\u00edmi lidmi, kte\u0159\u00ed v panelov\u00e9m dom\u011b bydl\u00ed. Ov\u0161em ne ka\u017ed\u00fd \u00faklid vypad\u00e1 jako \u00faklid. Spole\u010dn\u00fdmi prostory se v\u011bt\u0161inou mysl\u00ed pouze vchod, kudy se do bytov\u00e9ho domu p\u0159ich\u00e1z\u00ed, a\u0165 u\u017e m\u00e1 n\u011bjak\u00e9 schodi\u0161t\u011b p\u0159ed dve\u0159mi nebo ne, ty jsou do tohoto \u00faklidu po\u010d\u00edt\u00e1ny taky. D\u00e1le v\u00fdtah, prostory ve sklepech, kde m\u016f\u017ee b\u00fdt m\u00edsto na su\u0161en\u00ed pr\u00e1dla, takzvan\u00e1 su\u0161\u00e1rna nebo prostory pro uskladn\u011bn\u00ed kol, ko\u010d\u00e1rk\u016f. V\u0161echny tyto prostory pod \u00faklid pat\u0159\u00ed ov\u0161em toto je pouze \u00faklid hlavn\u00ed pak jsou je\u0161t\u011b \u00faklidy, kter\u00e9 si ka\u017ed\u00e9 patro prov\u00e1d\u00ed samo. T\u00fdk\u00e1 se to chodby, na kter\u00e9 m\u00e1te vlastn\u00ed byt a schodi\u0161t\u011b sm\u011brem dol\u016f a\u017e k dal\u0161\u00edmu ni\u017e\u0161\u00edmu patru. V \u00faklidu je i balk\u00f3n na mezipat\u0159e. \u0158\u00edk\u00e1te si, \u017ee to nen\u00ed nic slo\u017eit\u00e9ho, to ov\u0161em nen\u00ed, ale n\u011bkte\u0159\u00ed lid\u00e9 nejsou schopni svou pr\u00e1ci ud\u011blat a to po\u0159\u00e1dn\u011b. N\u011bkte\u0159\u00ed jsou na \u00faklid sta\u0159\u00ed a nemaj\u00ed tolik sil, aby ukl\u00edzeli schody, nato\u017e je se\u0161ly a jin\u00ed jsou zase mlad\u00ed a ukl\u00edzen\u00ed je nebav\u00ed. V takov\u00fdch situac\u00edch m\u00e1me jednoduch\u00e9 \u0159e\u0161en\u00ed, kter\u00e9 vy\u0159e\u0161\u00ed v\u0161echny \u00faklidy, a\u0165 u\u017e se bude jednat o hlavn\u00ed nebo ten men\u0161\u00ed ve va\u0161em pat\u0159e. Na spole\u010dn\u00e9 sch\u016fzi bytov\u00e9ho domu navrhn\u011bte, aby se po\u0159\u00eddila na \u00faklid panel\u00e1ku modryzralok firma. Jsou specializovan\u00e9 firmy, kter\u00e9 se pr\u00e1v\u011b \u00faklidem panelov\u00fdch dom\u016f \u017eiv\u00fd. Budete tak m\u00edt jistotu, \u017ee panelov\u00fd d\u016fm bude \u010dist\u00fd a vy se tak nemus\u00edte stresovat s n\u00e1lady soused\u016f. \u00daklidov\u00e9 firmy se postaraj\u00ed o celkov\u00fd a pravideln\u00fd \u00faklid, kter\u00fd bude v\u017edy odveden\u00fd. Jen sta\u010d\u00ed naj\u00edt tu spr\u00e1vnou firmu, kter\u00e1 klade na svou pr\u00e1ci velk\u00fd d\u016fraz. Abyste nevyhazovali pen\u00edze z okna, jak se \u0159\u00edk\u00e1. P\u0159ece jenom se v\u00e1m tak zv\u00fd\u0161\u00ed n\u00e1klady do spole\u010dn\u00e9ho fondu na \u00faklidovou firmu. Dob\u0159e vyb\u00edrejte.                                                                                                                                                                                                                                                                                                                                                                                          5\/5 - (1 vote)        "},{"@context":"https:\/\/schema.org\/","@type":"BreadcrumbList","itemListElement":[{"@type":"ListItem","position":1,"name":"\u00daklid panelov\u00fdch dom\u016f.","item":"https:\/\/www.kaveko.cz\/uklid-panelovych-domu\/#breadcrumbitem"}]}]